{"id":2022,"date":"2025-01-23T12:21:23","date_gmt":"2025-01-23T11:21:23","guid":{"rendered":"https:\/\/atelier-photo.be\/site\/?p=2022"},"modified":"2025-02-18T10:00:11","modified_gmt":"2025-02-18T09:00:11","slug":"ressources-14-01-24-creer-son-livre-photo","status":"publish","type":"post","link":"https:\/\/atelier-photo.be\/site\/2025\/01\/23\/ressources-14-01-24-creer-son-livre-photo\/","title":{"rendered":"RESSOURCES (14\/01\/25) Cr\u00e9er son livre photo."},"content":{"rendered":"\n<h4 class=\"wp-block-heading\">\ud83d\udcf7  Bienvenue!<\/h4>\n\n\n\n<p>Dans le cadre de l&rsquo;atelier \u00ab<em>PhotoExpression25<\/em>\u00bb et pour d\u00e9marrer en beaut\u00e9 l&rsquo;ann\u00e9e 2025, voici le support de cours concernant notre atelier ayant la th\u00e9matique : Cr\u00e9er son (propre) livre photo!<\/p>\n\n\n\n<h4 class=\"wp-block-heading\">\ud83d\udcf7  Documents disponibles<\/h4>\n\n\n\n<p>&#8211; Se placer au centre du projet (Partie 1) : <a href=\"https:\/\/atelier-photo.be\/support\/atelier-photo_livrephoto_Partie1.pdf\" data-type=\"URL\" data-id=\"https:\/\/atelier-photo.be\/support\/atelier-photo_livrephoto_Partie1.pdf\">T\u00e9l\u00e9charger le fichier pdf<\/a>.<\/p>\n\n\n\n<blockquote class=\"wp-block-quote\">\n<p>Note d&rsquo;Emmanu\u00ebl : Il faut encoder un nom d&rsquo;utilisateur et un mot de passe pour permettre le t\u00e9l\u00e9chargement du fichier pdf li\u00e9. Je vous ai envoy\u00e9 cette information par email.<\/p>\n<\/blockquote>\n\n\n\n<h4 class=\"wp-block-heading\">\ud83d\udcf7  Toutes les infos compl\u00e9mentaires abord\u00e9es aux cours<\/h4>\n\n\n\n<p> <\/p>\n\n\n\n<p><strong>Regarder comment les livres sont fait!<\/strong><br>Taschen est une maison d&rsquo;\u00e9dition qui propose un vaste choix de livre photo et souvent \u00e0 un prix tr\u00e8s d\u00e9mocratique. Un magasin \u00e0 Bruxelles est install\u00e9 \u00e0 la Place du Grand Sablon, num\u00e9ro 35.<br>Visiter le site web : <a href=\"https:\/\/www.taschen.com\/fr\/\" target=\"_blank\" rel=\"noreferrer noopener\">Cliquez ici<\/a>.<\/p>\n\n\n\n<h4 class=\"wp-block-heading\">\ud83d\udcf7  Quelques sites d&rsquo;impressions en ligne<\/h4>\n\n\n\n<p><strong>CEWE<\/strong> : Celui dont tout le monde parle!<br>Atouts : Qualit\u00e9 globale de la prestation, simplicit\u00e9 d\u2019utilisation.<br>Site internet : <a href=\"https:\/\/www.cewe.be\/fr\/livre-photo-cewe.html\" data-type=\"URL\" data-id=\"https:\/\/www.cewe.be\/fr\/livre-photo-cewe.html\" target=\"_blank\" rel=\"noreferrer noopener\">cliquez ici<\/a><br><br><strong>PHOTOBOX<\/strong> (EX PHOTOWAYS)<br>Du plus : Interface web tr\u00e8s compl\u00e8te, fonction de partage des cr\u00e9ations et qualit\u00e9 des tirages.<br>Du moins : Application installable sur ordinateur mal foutue!<br>Site Internet : <a href=\"https:\/\/fr.photobox.be\/\" data-type=\"URL\" data-id=\"https:\/\/fr.photobox.be\/\" target=\"_blank\" rel=\"noreferrer noopener\">cliquez sur ce lien<\/a><br><br><strong>MY FUJIFILM<\/strong> : Pour les amoureux de la marque et les nostalgiques.<br>Atouts : Interface simple \u00e0 ma\u00eetriser &amp; Qualit\u00e9 des tirages<br>Point n\u00e9gatif : Il faut ajouter des frais de traitement lors de la commande.<br>Site internet : <a href=\"https:\/\/myfujifilm.fr\/\" data-type=\"URL\" data-id=\"https:\/\/myfujifilm.fr\/\" target=\"_blank\" rel=\"noreferrer noopener\">cliquez ici<\/a><br><br><strong>SAAL DIGITAL<\/strong> : Le meilleur service d&rsquo;impression num\u00e9rique.<br>Atouts : Application tr\u00e8s pouss\u00e9e &amp; qualit\u00e9 d&rsquo;impression.<br>D\u00e9savantage : Le prix est assez \u00e9lev\u00e9.<br>Site internet : <a href=\"https:\/\/www.saal-digital.fr\/\" data-type=\"URL\" data-id=\"https:\/\/www.saal-digital.fr\/\" target=\"_blank\" rel=\"noreferrer noopener\">cliquez ici<\/a><br><br><strong>SMARTPHOTO<\/strong> : Une entreprise belge, notez que <strong><em>SPECTOR<\/em><\/strong> fait partie de Smartphoto.<br>Atouts : Qualit\u00e9 globale de la prestation, simplicit\u00e9 d\u2019utilisation.<br>Site internet : <a href=\"https:\/\/www.smartphoto.be\/fr\/livre-photo\" data-type=\"URL\" data-id=\"https:\/\/www.smartphoto.be\/fr\/livre-photo\" target=\"_blank\" rel=\"noreferrer noopener\">cliquez ici<\/a><br><br><strong>PIXUM<\/strong> : Belle notori\u00e9t\u00e9 au sein des clubs photo.<br>Atouts : Qualit\u00e9 globale de la prestation.<br>Site internet : <a href=\"https:\/\/fr.pixum.be\/livre-photo\" data-type=\"URL\" data-id=\"https:\/\/fr.pixum.be\/livre-photo\" target=\"_blank\" rel=\"noreferrer noopener\">cliquez ici<\/a><br><br><strong>BLURB<\/strong> : Le plus complet avec une qualit\u00e9 pro.<br>Les plus : Offre vari\u00e9e de papier, mise en page possible en PDF \/ Ligthroom et suppression du logo.<br>Les moins : Co\u00fbt final.<br>Site internet : <a href=\"https:\/\/www.blurb.fr\/\" data-type=\"URL\" data-id=\"https:\/\/www.blurb.fr\/\" target=\"_blank\" rel=\"noreferrer noopener\">cliquez ici<\/a><br><br><strong>FREEPRINTS<\/strong> : Pour les utilisateurs de smartphone &amp; tablette.<br>Avantages : 45 tirages gratuits par mois (frais de port \u00e0 payer), propose une vari\u00e9t\u00e9 des sources de photos \u00e0 s\u00e9lectionner, qualit\u00e9 des tirages.<br>D\u00e9savantage : Toutes les op\u00e9rations doivent se faire sur un smartphone!<br>T\u00e9l\u00e9charger l&rsquo;application Free prints PHOTOBOOK pour Android : <a href=\"https:\/\/play.google.com\/store\/apps\/details?id=com.photoaffections.wrendaus&amp;hl=fr&amp;gl=US\" data-type=\"URL\" data-id=\"https:\/\/play.google.com\/store\/apps\/details?id=com.photoaffections.wrendaus&amp;hl=fr&amp;gl=US\" target=\"_blank\" rel=\"noreferrer noopener\">cliquez ici<\/a>.<br>T\u00e9l\u00e9charger l&rsquo;application Free prints PHOTOBOOK pour iPhone : <a href=\"https:\/\/apps.apple.com\/fr\/app\/freeprints-livres-photos\/id1113023953?l=en-GB\" data-type=\"URL\" data-id=\"https:\/\/apps.apple.com\/fr\/app\/freeprints-livres-photos\/id1113023953?l=en-GB\" target=\"_blank\" rel=\"noreferrer noopener\">cliquez ici<\/a>.<\/p>\n\n\n\n<div style=\"height:25px\" aria-hidden=\"true\" class=\"wp-block-spacer\"><\/div>\n\n\n\n<h4 class=\"wp-block-heading\">\ud83d\udcf7  Analyses &amp; Inspirations<br><\/h4>\n\n\n\n<h5 class=\"wp-block-heading\">\ud83d\udcd3 \u00ab Sir\u00e8nes \u00bb de Zena Holloway<\/h5>\n\n\n\n<div class=\"wp-block-media-text is-stacked-on-mobile\" style=\"grid-template-columns:25% auto\"><figure class=\"wp-block-media-text__media\"><img loading=\"lazy\" decoding=\"async\" width=\"994\" height=\"1000\" src=\"https:\/\/atelier-photo.be\/site\/wp-content\/uploads\/2024\/06\/515BZFRTRZL._AC_UF10001000_QL80_.jpg\" alt=\"\" class=\"wp-image-1883 size-full\" srcset=\"https:\/\/atelier-photo.be\/site\/wp-content\/uploads\/2024\/06\/515BZFRTRZL._AC_UF10001000_QL80_.jpg 994w, https:\/\/atelier-photo.be\/site\/wp-content\/uploads\/2024\/06\/515BZFRTRZL._AC_UF10001000_QL80_-298x300.jpg 298w, https:\/\/atelier-photo.be\/site\/wp-content\/uploads\/2024\/06\/515BZFRTRZL._AC_UF10001000_QL80_-150x150.jpg 150w, https:\/\/atelier-photo.be\/site\/wp-content\/uploads\/2024\/06\/515BZFRTRZL._AC_UF10001000_QL80_-768x773.jpg 768w\" sizes=\"(max-width: 994px) 100vw, 994px\" \/><\/figure><div class=\"wp-block-media-text__content\">\n<p>Le livre offre une plong\u00e9e dans un monde aquatique f\u00e9erique et po\u00e9tique.&nbsp;\u00c0 travers ses photographies sous-marines, Zena Holloway pr\u00e9sente des hommes, des femmes et des enfants \u00e9voluant avec gr\u00e2ce.&nbsp;L\u2019album est une c\u00e9l\u00e9bration de l\u2019univers des sir\u00e8nes, capturant la magie de l\u2019oc\u00e9an avec des jeux de lumi\u00e8re, de bulles et de mouvements. C\u2019est un voyage au c\u0153ur des sept mers vers un univers de l\u00e9gende, mis en images par l\u2019une des plus grandes photographes sous-marines du moment<\/p>\n<\/div><\/div>\n\n\n\n<p><strong>\ud83d\udc53 Pourquoi on en parle?<\/strong><br>Ce livre tr\u00e8s dispensable, propose cependant une d\u00e9roul\u00e9 qui invite au \u00ab feuilletage \u00bb m\u00eame si on accroche pas \u00e0 la th\u00e9matique. La solution propos\u00e9e est simple&#8230;Des images full-page entrainantes qui suivent une classification sans faille.<br>Sujet bulles &#8211; Sujet eau &#8211; Sujet femme &#8211; Sujet couple &#8211; Sujet enfant! Tellement efficace qu&rsquo;on s&rsquo;y laisse prendre!<br>\ud83e\udd3f <strong>Qui est Zena Holloway ?<\/strong> <br>C&rsquo;est une photographe autodidacte sp\u00e9cialis\u00e9e dans la photo sous-marine, elle vit et travaille \u00e0 Londres. Elle est connue pour ses projets sous-marins. C\u2019est en parcourant le monde en tant qu\u2019instructeur de plong\u00e9e sous-marine qu\u2019elle d\u00e9couvre son int\u00e9r\u00eat pour la photographie \u00e0 l&rsquo;eau (Plus facile que la photographie \u00e0 l&rsquo;huile, c&rsquo;est bien connu).<br>Son portfolio : <a href=\"https:\/\/zenaholloway.com\/portfolio\" data-type=\"link\" data-id=\"https:\/\/zenaholloway.com\/portfolio\" target=\"_blank\" rel=\"noreferrer noopener\">zenaholloway.com<\/a><\/p>\n\n\n\n<div style=\"height:35px\" aria-hidden=\"true\" class=\"wp-block-spacer\"><\/div>\n\n\n\n<h5 class=\"wp-block-heading\">\ud83d\udcd3 \u00ab Toscani &amp; Benetton \u00bb de Lorella Pagnucco Salvemini<\/h5>\n\n\n\n<div class=\"wp-block-media-text is-stacked-on-mobile\" style=\"grid-template-columns:25% auto\"><figure class=\"wp-block-media-text__media\"><img loading=\"lazy\" decoding=\"async\" width=\"402\" height=\"500\" src=\"https:\/\/atelier-photo.be\/site\/wp-content\/uploads\/2025\/01\/ToscaniBenet.png\" alt=\"\" class=\"wp-image-2035 size-full\" srcset=\"https:\/\/atelier-photo.be\/site\/wp-content\/uploads\/2025\/01\/ToscaniBenet.png 402w, https:\/\/atelier-photo.be\/site\/wp-content\/uploads\/2025\/01\/ToscaniBenet-241x300.png 241w\" sizes=\"(max-width: 402px) 100vw, 402px\" \/><\/figure><div class=\"wp-block-media-text__content\">\n<p>Pendant plus de quinze ans, les campagnes Benetton ont fait r\u00e9agir le monde entier. Pour la premi\u00e8re fois cet ouvrage les rassemble et fait la lumi\u00e8re sur la d\u00e9marche de ce provocateur g\u00e9nial qu&rsquo;est Oliviero Toscani. L&rsquo;auteur, historienne de l&rsquo;art, s&rsquo;attache \u00e0 analyser les diff\u00e9rentes campagnes pour saisir la strat\u00e9gie de communication du groupe Benetton et \u00e9tudier les r\u00e9actions qu&rsquo;elles ont suscit\u00e9es. Un t\u00e9moignage photographique unique sur l&rsquo;\u00e9tat de la soci\u00e9t\u00e9 contemporaine partag\u00e9e entre d\u00e9sirs et tabous.<\/p>\n<\/div><\/div>\n\n\n\n<p><strong>\ud83d\udc53 Pourquoi on en parle?<\/strong><br>Uniquement parce que le photographe <a href=\"https:\/\/www.toscani.com\/\" data-type=\"link\" data-id=\"https:\/\/www.toscani.com\/\">Oliviero Toscani<\/a> est d\u00e9c\u00e9d\u00e9 quelques jours avant notre atelier et que j&rsquo;avais un outil didactique dans ma biblioth\u00e8que!<br>\ud83c\udf93 <strong>Qui est l&rsquo;autrice ?<\/strong> <br>Lorella Pagnucco Salvemini est historienne d&rsquo;art. Titulaire d&rsquo;une licence de litt\u00e9rature italienne obtenue \u00e0 l&rsquo;Universit\u00e9 de Venise, elle a publi\u00e9 un ouvrage, Le langage du corps, en 1987. En 1995, elle devient r\u00e9dactrice en chef de <a href=\"https:\/\/www.arte.it\/\" data-type=\"link\" data-id=\"https:\/\/www.arte.it\/\">Arte.It<\/a>. Ces derni\u00e8res ann\u00e9es, elle a travaill\u00e9 comme critique d&rsquo;art et a particip\u00e9 \u00e0 de nombreux colloques sur l&rsquo;art moderne.<\/p>\n\n\n\n<div style=\"height:35px\" aria-hidden=\"true\" class=\"wp-block-spacer\"><\/div>\n\n\n\n<h5 class=\"wp-block-heading\">\ud83d\udcd3 Le catalogue DE L&rsquo;\u00e9v\u00e8nement* \u00ab Fotofever \u00bb de Bruxelles en 2012!<\/h5>\n\n\n\n<div class=\"wp-block-media-text is-stacked-on-mobile\" style=\"grid-template-columns:25% auto\"><figure class=\"wp-block-media-text__media\"><img loading=\"lazy\" decoding=\"async\" width=\"667\" height=\"790\" src=\"https:\/\/atelier-photo.be\/site\/wp-content\/uploads\/2025\/01\/fotofeverbruxelles2012.png\" alt=\"\" class=\"wp-image-2039 size-full\" srcset=\"https:\/\/atelier-photo.be\/site\/wp-content\/uploads\/2025\/01\/fotofeverbruxelles2012.png 667w, https:\/\/atelier-photo.be\/site\/wp-content\/uploads\/2025\/01\/fotofeverbruxelles2012-253x300.png 253w\" sizes=\"(max-width: 667px) 100vw, 667px\" \/><\/figure><div class=\"wp-block-media-text__content\">\n<p>Le rendez-vous d\u2019une autre sc\u00e8ne photographique.<br>Apr\u00e8s le succ\u00e8s de sa premi\u00e8re \u00e9dition \u00e0 Paris, en novembre 2011, la foire fotofever s\u2019implante \u00e0 Bruxelles.<br>D\u00e9fricheuse de talents et de nouveaut\u00e9s, fotofever explore les images d\u2019aujourd\u2019hui dans toute leur diversit\u00e9, des talents les plus reconnus aux cr\u00e9ateurs en devenir. Gr\u00e2ce \u00e0 une s\u00e9lection de 67 galeries et \u00e9diteurs, fotofever brussels pr\u00e9sente l\u2019art photographique sous toutes ses formes.<\/p>\n<\/div><\/div>\n\n\n\n<p><strong>\ud83d\udc53 * <em>Pourquoi DE L&rsquo;\u00e9v\u00e8nement.<\/em><\/strong><br>Parce que ce tr\u00e8s beau\/petit mais \u00e9pais bouquin est le parfait outil pour contredire certaines id\u00e9es des r\u00e8gles de bases li\u00e9e \u00e0 la conception d&rsquo;un livre&#8230;<br>Et puis aussi parce que cette publication illustre l&rsquo;importance de l&rsquo;\u00e9v\u00e8nement. \u00c9v\u00e8nement \u00e9tonnant \u00e0 cette \u00e9poque et consacr\u00e9 \u00e0 la photographie en Belgique. Pour une fois, nous n&rsquo;avions pas de stand qui essaie de vendre de sangles d&rsquo;appareil ou le dernier boitier 10 millions de pixels \u00e0 la mode!<br>De plus, nous avions eu la chance (le groupe photo namurois de l&rsquo;\u00e9poque) de papoter avec le tr\u00e8s sympathique <a href=\"https:\/\/www.fredericfontenoy.com\/photography\/arachnides.html\" data-type=\"link\" data-id=\"https:\/\/www.fredericfontenoy.com\/photography\/arachnides.html\" target=\"_blank\" rel=\"noreferrer noopener\">Fr\u00e9d\u00e9ric Fontenoy<\/a> qui nous en avait mis plein les yeux avec ses \u00e9normes tirages d&rsquo;\u00abaraign\u00e9es\u00bb! C&rsquo;\u00e9tait il y a 10ans d\u00e9j\u00e0&#8230;<\/p>\n\n\n\n<h4 class=\"wp-block-heading\">\ud83d\udcf7  Pour les prochains cours<\/h4>\n\n\n\n<ul>\n<li>Atelier du <strong>28 janvier 2025<\/strong> : R\u00e9fl\u00e9chir \u00e0 un sujet qui vous tient \u00e0 coeur pour la r\u00e9alisation de notre livre.<\/li>\n\n\n\n<li>Atelier du <strong>18 f\u00e9vrier 2025<\/strong> : Apporter son ordinateur et ses photos (disque dur, cl\u00e9, etc.) afin que nous puissions commencer \u00e0 trier les images qui iront dans notre livre.<\/li>\n<\/ul>\n\n\n\n<h2 class=\"wp-block-heading\">\ud83d\udd77A la prochaine!<\/h2>\n\n\n\n<p style=\"font-size:10px\"><strong>Note<\/strong> : L&rsquo;illustration sur la page d&rsquo;accueil li\u00e9 \u00e0 cette publication (d\u00e9fini comme \u00e9tant l&rsquo;image \u00e0 la une) a \u00e9t\u00e9 g\u00e9n\u00e9r\u00e9e avec l&rsquo;outil Copilot de Microsoft.<br>Texte utilis\u00e9 : \u00abDes personnes qui fabriquent un livre photo g\u00e9ant\u00bb<\/p>\n\n\n\n<div style=\"height:50px\" aria-hidden=\"true\" class=\"wp-block-spacer\"><\/div>\n","protected":false},"excerpt":{"rendered":"<div class=\"mh-excerpt\"><p>Pour d\u00e9marrer en beaut\u00e9 l&rsquo;ann\u00e9e 2025, voici le support de cours concernant notre atelier: Cr\u00e9er son livre photo<br \/>\n(PARTIE UN) !<\/p>\n<\/div>","protected":false},"author":1,"featured_media":2088,"comment_status":"closed","ping_status":"open","sticky":false,"template":"","format":"standard","meta":{"cybocfi_hide_featured_image":"yes","footnotes":""},"categories":[1],"tags":[6],"_links":{"self":[{"href":"https:\/\/atelier-photo.be\/site\/wp-json\/wp\/v2\/posts\/2022"}],"collection":[{"href":"https:\/\/atelier-photo.be\/site\/wp-json\/wp\/v2\/posts"}],"about":[{"href":"https:\/\/atelier-photo.be\/site\/wp-json\/wp\/v2\/types\/post"}],"author":[{"embeddable":true,"href":"https:\/\/atelier-photo.be\/site\/wp-json\/wp\/v2\/users\/1"}],"replies":[{"embeddable":true,"href":"https:\/\/atelier-photo.be\/site\/wp-json\/wp\/v2\/comments?post=2022"}],"version-history":[{"count":35,"href":"https:\/\/atelier-photo.be\/site\/wp-json\/wp\/v2\/posts\/2022\/revisions"}],"predecessor-version":[{"id":2133,"href":"https:\/\/atelier-photo.be\/site\/wp-json\/wp\/v2\/posts\/2022\/revisions\/2133"}],"wp:featuredmedia":[{"embeddable":true,"href":"https:\/\/atelier-photo.be\/site\/wp-json\/wp\/v2\/media\/2088"}],"wp:attachment":[{"href":"https:\/\/atelier-photo.be\/site\/wp-json\/wp\/v2\/media?parent=2022"}],"wp:term":[{"taxonomy":"category","embeddable":true,"href":"https:\/\/atelier-photo.be\/site\/wp-json\/wp\/v2\/categories?post=2022"},{"taxonomy":"post_tag","embeddable":true,"href":"https:\/\/atelier-photo.be\/site\/wp-json\/wp\/v2\/tags?post=2022"}],"curies":[{"name":"wp","href":"https:\/\/api.w.org\/{rel}","templated":true}]}}