{"id":1734,"date":"2024-03-09T19:00:08","date_gmt":"2024-03-09T18:00:08","guid":{"rendered":"https:\/\/atelier-photo.be\/site\/?p=1734"},"modified":"2024-03-09T19:01:07","modified_gmt":"2024-03-09T18:01:07","slug":"declic-jacob-holdt","status":"publish","type":"post","link":"https:\/\/atelier-photo.be\/site\/2024\/03\/09\/declic-jacob-holdt\/","title":{"rendered":"D\u00c9CLIC : Jacob Holdt"},"content":{"rendered":"\n<p>N\u00e9 en 1947 au Danemark, Jacob Holdt est un photographe sans vraiment l&rsquo;\u00eatre&#8230;<br>Il d\u00e9barque au Canada en 1969, Il a pour cible de traverser les Usa pour rejoindre le Chili.<br>Comme il s&rsquo;est fait chasser de la maison familiale par son p\u00e8re pasteur luth\u00e9rien, il veut cependant donner des nouvelles de lui..Mais pas avec des mots, mais avec des images qu&rsquo;il envoie par la poste.<br>Pour ce faire, il ach\u00e8te un appareil photo bas de gamme pour donner corps aux lettres qu\u2019il envoie \u00e0 sa famille au pays.<\/p>\n\n\n\n<figure class=\"wp-block-gallery has-nested-images columns-default is-cropped wp-block-gallery-1 is-layout-flex wp-block-gallery-is-layout-flex\">\n<figure class=\"wp-block-image size-large\"><img loading=\"lazy\" decoding=\"async\" width=\"530\" height=\"385\" data-id=\"1735\" src=\"https:\/\/atelier-photo.be\/site\/wp-content\/uploads\/2024\/03\/Jacob_Holdt_1.jpg\" alt=\"\" class=\"wp-image-1735\" srcset=\"https:\/\/atelier-photo.be\/site\/wp-content\/uploads\/2024\/03\/Jacob_Holdt_1.jpg 530w, https:\/\/atelier-photo.be\/site\/wp-content\/uploads\/2024\/03\/Jacob_Holdt_1-300x218.jpg 300w\" sizes=\"(max-width: 530px) 100vw, 530px\" \/><\/figure>\n\n\n\n<figure class=\"wp-block-image size-large\"><img loading=\"lazy\" decoding=\"async\" width=\"530\" height=\"385\" data-id=\"1736\" src=\"https:\/\/atelier-photo.be\/site\/wp-content\/uploads\/2024\/03\/Jacob_Holdt_2.jpg\" alt=\"\" class=\"wp-image-1736\" srcset=\"https:\/\/atelier-photo.be\/site\/wp-content\/uploads\/2024\/03\/Jacob_Holdt_2.jpg 530w, https:\/\/atelier-photo.be\/site\/wp-content\/uploads\/2024\/03\/Jacob_Holdt_2-300x218.jpg 300w\" sizes=\"(max-width: 530px) 100vw, 530px\" \/><\/figure>\n<\/figure>\n\n\n\n<p>C&rsquo;est le d\u00e9but de cinq ans de vagabondage sur les routes, \u00e0 la d\u00e9couverte de l&rsquo;Am\u00e9rique sous le prisme de la pauvret\u00e9 et de l&rsquo;exclusion, notamment celle des Noirs. De ce voyage dans les coulisses du r\u00eave am\u00e9ricain, il a rapport\u00e9 des milliers de photos de qualit\u00e9 tr\u00e8s \u00e9loign\u00e9es de toutes esth\u00e9tiques ou autres valeurs artistiques mais v\u00e9ritablement authentiques.<br>Jacob Holdt en 1976, organise une projection de ses diapositives dans son village, projection qui rencontre un grand succ\u00e8s et lui assure une existence m\u00e9diatique.<\/p>\n\n\n\n<figure class=\"wp-block-gallery has-nested-images columns-default is-cropped wp-block-gallery-2 is-layout-flex wp-block-gallery-is-layout-flex\">\n<figure class=\"wp-block-image size-large\"><img loading=\"lazy\" decoding=\"async\" width=\"530\" height=\"385\" data-id=\"1737\" src=\"https:\/\/atelier-photo.be\/site\/wp-content\/uploads\/2024\/03\/Jacob_Holdt_3.jpg\" alt=\"\" class=\"wp-image-1737\" srcset=\"https:\/\/atelier-photo.be\/site\/wp-content\/uploads\/2024\/03\/Jacob_Holdt_3.jpg 530w, https:\/\/atelier-photo.be\/site\/wp-content\/uploads\/2024\/03\/Jacob_Holdt_3-300x218.jpg 300w\" sizes=\"(max-width: 530px) 100vw, 530px\" \/><\/figure>\n\n\n\n<figure class=\"wp-block-image size-large\"><img loading=\"lazy\" decoding=\"async\" width=\"530\" height=\"385\" data-id=\"1738\" src=\"https:\/\/atelier-photo.be\/site\/wp-content\/uploads\/2024\/03\/Jacob_Holdt_4.jpg\" alt=\"\" class=\"wp-image-1738\" srcset=\"https:\/\/atelier-photo.be\/site\/wp-content\/uploads\/2024\/03\/Jacob_Holdt_4.jpg 530w, https:\/\/atelier-photo.be\/site\/wp-content\/uploads\/2024\/03\/Jacob_Holdt_4-300x218.jpg 300w\" sizes=\"(max-width: 530px) 100vw, 530px\" \/><\/figure>\n<\/figure>\n\n\n\n<p>Le <a href=\"https:\/\/www.american-pictures.com\/\" data-type=\"URL\" data-id=\"https:\/\/www.american-pictures.com\/\" target=\"_blank\" rel=\"noreferrer noopener\">site internet<\/a> de Jacob Holdt.<\/p>\n","protected":false},"excerpt":{"rendered":"<div class=\"mh-excerpt\"><p>N\u00e9 en 1947 au Danemark, Jacob Holdt est un photographe sans vraiment l&rsquo;\u00eatre&#8230;Il d\u00e9barque au Canada en 1969, Il a pour cible de traverser les <a class=\"mh-excerpt-more\" href=\"https:\/\/atelier-photo.be\/site\/2024\/03\/09\/declic-jacob-holdt\/\" title=\"D\u00c9CLIC : Jacob Holdt\">[&#8230;]<\/a><\/p>\n<\/div>","protected":false},"author":1,"featured_media":1739,"comment_status":"closed","ping_status":"open","sticky":false,"template":"","format":"standard","meta":{"cybocfi_hide_featured_image":"yes","footnotes":""},"categories":[1],"tags":[20],"_links":{"self":[{"href":"https:\/\/atelier-photo.be\/site\/wp-json\/wp\/v2\/posts\/1734"}],"collection":[{"href":"https:\/\/atelier-photo.be\/site\/wp-json\/wp\/v2\/posts"}],"about":[{"href":"https:\/\/atelier-photo.be\/site\/wp-json\/wp\/v2\/types\/post"}],"author":[{"embeddable":true,"href":"https:\/\/atelier-photo.be\/site\/wp-json\/wp\/v2\/users\/1"}],"replies":[{"embeddable":true,"href":"https:\/\/atelier-photo.be\/site\/wp-json\/wp\/v2\/comments?post=1734"}],"version-history":[{"count":1,"href":"https:\/\/atelier-photo.be\/site\/wp-json\/wp\/v2\/posts\/1734\/revisions"}],"predecessor-version":[{"id":1740,"href":"https:\/\/atelier-photo.be\/site\/wp-json\/wp\/v2\/posts\/1734\/revisions\/1740"}],"wp:featuredmedia":[{"embeddable":true,"href":"https:\/\/atelier-photo.be\/site\/wp-json\/wp\/v2\/media\/1739"}],"wp:attachment":[{"href":"https:\/\/atelier-photo.be\/site\/wp-json\/wp\/v2\/media?parent=1734"}],"wp:term":[{"taxonomy":"category","embeddable":true,"href":"https:\/\/atelier-photo.be\/site\/wp-json\/wp\/v2\/categories?post=1734"},{"taxonomy":"post_tag","embeddable":true,"href":"https:\/\/atelier-photo.be\/site\/wp-json\/wp\/v2\/tags?post=1734"}],"curies":[{"name":"wp","href":"https:\/\/api.w.org\/{rel}","templated":true}]}}