{"id":1687,"date":"2024-03-02T19:44:00","date_gmt":"2024-03-02T18:44:00","guid":{"rendered":"https:\/\/atelier-photo.be\/site\/?p=1687"},"modified":"2024-02-23T19:57:08","modified_gmt":"2024-02-23T18:57:08","slug":"declic-reed-estabrook","status":"publish","type":"post","link":"https:\/\/atelier-photo.be\/site\/2024\/03\/02\/declic-reed-estabrook\/","title":{"rendered":"D\u00c9CLIC : Reed Estabrook"},"content":{"rendered":"\n<p>Le p\u00e9riple \u00e0 travers le pays est une tradition typiquement am\u00e9ricaine, motiv\u00e9e par le d\u00e9sir de voir la \u00ab&nbsp;vraie&nbsp;\u00bb Am\u00e9rique, de d\u00e9couvrir ce qui se trouve au-del\u00e0 de nos environnements \u00e9triqu\u00e9s.<br>Dans les ann\u00e9es 1970, le photographe Reed Estabrook prend la route pour un voyage au cours duquel il documente l\u2019immensit\u00e9 du territoire et les rep\u00e8res qui le pars\u00e8ment.<\/p>\n\n\n\n<figure class=\"wp-block-gallery has-nested-images columns-2 is-cropped wp-block-gallery-1 is-layout-flex wp-block-gallery-is-layout-flex\">\n<figure class=\"wp-block-image size-large\"><img loading=\"lazy\" decoding=\"async\" width=\"1918\" height=\"1287\" data-id=\"1689\" src=\"https:\/\/atelier-photo.be\/site\/wp-content\/uploads\/2024\/02\/Reed_Estabrook_01.jpg\" alt=\"\" class=\"wp-image-1689\" srcset=\"https:\/\/atelier-photo.be\/site\/wp-content\/uploads\/2024\/02\/Reed_Estabrook_01.jpg 1918w, https:\/\/atelier-photo.be\/site\/wp-content\/uploads\/2024\/02\/Reed_Estabrook_01-300x201.jpg 300w, https:\/\/atelier-photo.be\/site\/wp-content\/uploads\/2024\/02\/Reed_Estabrook_01-1024x687.jpg 1024w, https:\/\/atelier-photo.be\/site\/wp-content\/uploads\/2024\/02\/Reed_Estabrook_01-768x515.jpg 768w, https:\/\/atelier-photo.be\/site\/wp-content\/uploads\/2024\/02\/Reed_Estabrook_01-1536x1031.jpg 1536w\" sizes=\"(max-width: 1918px) 100vw, 1918px\" \/><\/figure>\n\n\n\n<figure class=\"wp-block-image size-large\"><img loading=\"lazy\" decoding=\"async\" width=\"1926\" height=\"1300\" data-id=\"1690\" src=\"https:\/\/atelier-photo.be\/site\/wp-content\/uploads\/2024\/02\/Reed_Estabrook_02.jpg\" alt=\"\" class=\"wp-image-1690\" srcset=\"https:\/\/atelier-photo.be\/site\/wp-content\/uploads\/2024\/02\/Reed_Estabrook_02.jpg 1926w, https:\/\/atelier-photo.be\/site\/wp-content\/uploads\/2024\/02\/Reed_Estabrook_02-300x202.jpg 300w, https:\/\/atelier-photo.be\/site\/wp-content\/uploads\/2024\/02\/Reed_Estabrook_02-1024x691.jpg 1024w, https:\/\/atelier-photo.be\/site\/wp-content\/uploads\/2024\/02\/Reed_Estabrook_02-768x518.jpg 768w, https:\/\/atelier-photo.be\/site\/wp-content\/uploads\/2024\/02\/Reed_Estabrook_02-1536x1037.jpg 1536w\" sizes=\"(max-width: 1926px) 100vw, 1926px\" \/><\/figure>\n\n\n\n<figure class=\"wp-block-image size-large\"><img loading=\"lazy\" decoding=\"async\" width=\"1926\" height=\"1301\" data-id=\"1691\" src=\"https:\/\/atelier-photo.be\/site\/wp-content\/uploads\/2024\/02\/Reed_Estabrook_03.jpg\" alt=\"\" class=\"wp-image-1691\" srcset=\"https:\/\/atelier-photo.be\/site\/wp-content\/uploads\/2024\/02\/Reed_Estabrook_03.jpg 1926w, https:\/\/atelier-photo.be\/site\/wp-content\/uploads\/2024\/02\/Reed_Estabrook_03-300x203.jpg 300w, https:\/\/atelier-photo.be\/site\/wp-content\/uploads\/2024\/02\/Reed_Estabrook_03-1024x692.jpg 1024w, https:\/\/atelier-photo.be\/site\/wp-content\/uploads\/2024\/02\/Reed_Estabrook_03-768x519.jpg 768w, https:\/\/atelier-photo.be\/site\/wp-content\/uploads\/2024\/02\/Reed_Estabrook_03-1536x1038.jpg 1536w\" sizes=\"(max-width: 1926px) 100vw, 1926px\" \/><\/figure>\n\n\n\n<figure class=\"wp-block-image size-large\"><img loading=\"lazy\" decoding=\"async\" width=\"1923\" height=\"1279\" data-id=\"1692\" src=\"https:\/\/atelier-photo.be\/site\/wp-content\/uploads\/2024\/02\/Reed_Estabrook_04.jpg\" alt=\"\" class=\"wp-image-1692\" srcset=\"https:\/\/atelier-photo.be\/site\/wp-content\/uploads\/2024\/02\/Reed_Estabrook_04.jpg 1923w, https:\/\/atelier-photo.be\/site\/wp-content\/uploads\/2024\/02\/Reed_Estabrook_04-300x200.jpg 300w, https:\/\/atelier-photo.be\/site\/wp-content\/uploads\/2024\/02\/Reed_Estabrook_04-1024x681.jpg 1024w, https:\/\/atelier-photo.be\/site\/wp-content\/uploads\/2024\/02\/Reed_Estabrook_04-768x511.jpg 768w, https:\/\/atelier-photo.be\/site\/wp-content\/uploads\/2024\/02\/Reed_Estabrook_04-1536x1022.jpg 1536w\" sizes=\"(max-width: 1923px) 100vw, 1923px\" \/><\/figure>\n<figcaption class=\"blocks-gallery-caption\"><em>American Roadside Monuments<\/em> d\u00e9peint les reliques de l\u2019Am\u00e9rique.<\/figcaption><\/figure>\n\n\n\n<blockquote class=\"wp-block-quote\"><p>\u00ab&nbsp;Chaque \u00e9t\u00e9, nous nous \u00e9chappions de la tyrannie des paysages verdoyants en roulant vers l\u2019ouest, et ces structures se sont impos\u00e9es dans le paysage. Ce sont d\u2019authentiques \u00ab&nbsp;MONUMENTS&nbsp;\u00bb, typiquement am\u00e9ricains et souvent fabriqu\u00e9s de main d\u2019homme, qui nous relient \u00e0 ce lieu, et qui se dressent de fa\u00e7on spectaculaire contre le bleu du ciel. Ils symbolisaient cette merveilleuse exp\u00e9rience de l\u2019itin\u00e9rance et de la d\u00e9couverte.&nbsp;\u00bb<\/p><cite>Reed Estabrook<\/cite><\/blockquote>\n\n\n\n<figure class=\"wp-block-gallery has-nested-images columns-2 is-cropped wp-block-gallery-2 is-layout-flex wp-block-gallery-is-layout-flex\">\n<figure class=\"wp-block-image size-large\"><img loading=\"lazy\" decoding=\"async\" width=\"1698\" height=\"1134\" data-id=\"1696\" src=\"https:\/\/atelier-photo.be\/site\/wp-content\/uploads\/2024\/02\/Reed_Estabrook_08.jpg\" alt=\"\" class=\"wp-image-1696\" srcset=\"https:\/\/atelier-photo.be\/site\/wp-content\/uploads\/2024\/02\/Reed_Estabrook_08.jpg 1698w, https:\/\/atelier-photo.be\/site\/wp-content\/uploads\/2024\/02\/Reed_Estabrook_08-300x200.jpg 300w, https:\/\/atelier-photo.be\/site\/wp-content\/uploads\/2024\/02\/Reed_Estabrook_08-1024x684.jpg 1024w, https:\/\/atelier-photo.be\/site\/wp-content\/uploads\/2024\/02\/Reed_Estabrook_08-768x513.jpg 768w, https:\/\/atelier-photo.be\/site\/wp-content\/uploads\/2024\/02\/Reed_Estabrook_08-1536x1026.jpg 1536w\" sizes=\"(max-width: 1698px) 100vw, 1698px\" \/><\/figure>\n\n\n\n<figure class=\"wp-block-image size-large\"><img loading=\"lazy\" decoding=\"async\" width=\"1872\" height=\"1267\" data-id=\"1695\" src=\"https:\/\/atelier-photo.be\/site\/wp-content\/uploads\/2024\/02\/Reed_Estabrook_07.jpg\" alt=\"\" class=\"wp-image-1695\" srcset=\"https:\/\/atelier-photo.be\/site\/wp-content\/uploads\/2024\/02\/Reed_Estabrook_07.jpg 1872w, https:\/\/atelier-photo.be\/site\/wp-content\/uploads\/2024\/02\/Reed_Estabrook_07-300x203.jpg 300w, https:\/\/atelier-photo.be\/site\/wp-content\/uploads\/2024\/02\/Reed_Estabrook_07-1024x693.jpg 1024w, https:\/\/atelier-photo.be\/site\/wp-content\/uploads\/2024\/02\/Reed_Estabrook_07-768x520.jpg 768w, https:\/\/atelier-photo.be\/site\/wp-content\/uploads\/2024\/02\/Reed_Estabrook_07-1536x1040.jpg 1536w\" sizes=\"(max-width: 1872px) 100vw, 1872px\" \/><\/figure>\n\n\n\n<figure class=\"wp-block-image size-large\"><img loading=\"lazy\" decoding=\"async\" width=\"1694\" height=\"1142\" data-id=\"1694\" src=\"https:\/\/atelier-photo.be\/site\/wp-content\/uploads\/2024\/02\/Reed_Estabrook_06.jpg\" alt=\"\" class=\"wp-image-1694\" srcset=\"https:\/\/atelier-photo.be\/site\/wp-content\/uploads\/2024\/02\/Reed_Estabrook_06.jpg 1694w, https:\/\/atelier-photo.be\/site\/wp-content\/uploads\/2024\/02\/Reed_Estabrook_06-300x202.jpg 300w, https:\/\/atelier-photo.be\/site\/wp-content\/uploads\/2024\/02\/Reed_Estabrook_06-1024x690.jpg 1024w, https:\/\/atelier-photo.be\/site\/wp-content\/uploads\/2024\/02\/Reed_Estabrook_06-768x518.jpg 768w, https:\/\/atelier-photo.be\/site\/wp-content\/uploads\/2024\/02\/Reed_Estabrook_06-1536x1035.jpg 1536w\" sizes=\"(max-width: 1694px) 100vw, 1694px\" \/><\/figure>\n\n\n\n<figure class=\"wp-block-image size-large\"><img loading=\"lazy\" decoding=\"async\" width=\"1694\" height=\"1142\" data-id=\"1693\" src=\"https:\/\/atelier-photo.be\/site\/wp-content\/uploads\/2024\/02\/Reed_Estabrook_05.jpg\" alt=\"\" class=\"wp-image-1693\" srcset=\"https:\/\/atelier-photo.be\/site\/wp-content\/uploads\/2024\/02\/Reed_Estabrook_05.jpg 1694w, https:\/\/atelier-photo.be\/site\/wp-content\/uploads\/2024\/02\/Reed_Estabrook_05-300x202.jpg 300w, https:\/\/atelier-photo.be\/site\/wp-content\/uploads\/2024\/02\/Reed_Estabrook_05-1024x690.jpg 1024w, https:\/\/atelier-photo.be\/site\/wp-content\/uploads\/2024\/02\/Reed_Estabrook_05-768x518.jpg 768w, https:\/\/atelier-photo.be\/site\/wp-content\/uploads\/2024\/02\/Reed_Estabrook_05-1536x1035.jpg 1536w\" sizes=\"(max-width: 1694px) 100vw, 1694px\" \/><\/figure>\n<\/figure>\n\n\n\n<p>De nombreuses photographies d\u2019Estabrook montrent ces grandes \u00e9tendues sans aucun point de rep\u00e8re permettant de savoir o\u00f9 elles se situent pr\u00e9cis\u00e9ment.<br>Sur certaines images, on voit ces structures encore \u00e0 moiti\u00e9 debout \u2013 un magasin abandonn\u00e9, un mur solitaire \u2013 donnant l\u2019impression d\u2019une ville fant\u00f4me. D\u2019autres, en revanche, se concentrent exclusivement sur les panneaux publicitaires, comme la main g\u00e9ante saisissant une bouteille de Coca-Cola, ou le buste d\u2019une pin-up. <br>Ces graphismes d\u00e9finissent l\u2019esth\u00e9tique am\u00e9ricaine d\u2019une certaine \u00e9poque, reprise aujourd\u2019hui pour son aspect \u00ab\u00a0vintage\u00a0\u00bb.<br><em><mark style=\"background-color:#000000\" class=\"has-inline-color has-white-color\"> Source : Reed Estabrook\/Blind<\/mark><\/em><\/p>\n","protected":false},"excerpt":{"rendered":"<div class=\"mh-excerpt\"><p>Le p\u00e9riple \u00e0 travers le pays est une tradition typiquement am\u00e9ricaine, motiv\u00e9e par le d\u00e9sir de voir la \u00ab&nbsp;vraie&nbsp;\u00bb Am\u00e9rique, de d\u00e9couvrir ce qui se <a class=\"mh-excerpt-more\" href=\"https:\/\/atelier-photo.be\/site\/2024\/03\/02\/declic-reed-estabrook\/\" title=\"D\u00c9CLIC : Reed Estabrook\">[&#8230;]<\/a><\/p>\n<\/div>","protected":false},"author":1,"featured_media":1698,"comment_status":"closed","ping_status":"open","sticky":false,"template":"","format":"standard","meta":{"cybocfi_hide_featured_image":"yes","footnotes":""},"categories":[1],"tags":[20],"_links":{"self":[{"href":"https:\/\/atelier-photo.be\/site\/wp-json\/wp\/v2\/posts\/1687"}],"collection":[{"href":"https:\/\/atelier-photo.be\/site\/wp-json\/wp\/v2\/posts"}],"about":[{"href":"https:\/\/atelier-photo.be\/site\/wp-json\/wp\/v2\/types\/post"}],"author":[{"embeddable":true,"href":"https:\/\/atelier-photo.be\/site\/wp-json\/wp\/v2\/users\/1"}],"replies":[{"embeddable":true,"href":"https:\/\/atelier-photo.be\/site\/wp-json\/wp\/v2\/comments?post=1687"}],"version-history":[{"count":3,"href":"https:\/\/atelier-photo.be\/site\/wp-json\/wp\/v2\/posts\/1687\/revisions"}],"predecessor-version":[{"id":1700,"href":"https:\/\/atelier-photo.be\/site\/wp-json\/wp\/v2\/posts\/1687\/revisions\/1700"}],"wp:featuredmedia":[{"embeddable":true,"href":"https:\/\/atelier-photo.be\/site\/wp-json\/wp\/v2\/media\/1698"}],"wp:attachment":[{"href":"https:\/\/atelier-photo.be\/site\/wp-json\/wp\/v2\/media?parent=1687"}],"wp:term":[{"taxonomy":"category","embeddable":true,"href":"https:\/\/atelier-photo.be\/site\/wp-json\/wp\/v2\/categories?post=1687"},{"taxonomy":"post_tag","embeddable":true,"href":"https:\/\/atelier-photo.be\/site\/wp-json\/wp\/v2\/tags?post=1687"}],"curies":[{"name":"wp","href":"https:\/\/api.w.org\/{rel}","templated":true}]}}