{"id":1413,"date":"2023-09-26T14:56:35","date_gmt":"2023-09-26T12:56:35","guid":{"rendered":"https:\/\/atelier-photo.be\/site\/?p=1413"},"modified":"2024-01-16T15:53:20","modified_gmt":"2024-01-16T14:53:20","slug":"ressources-du-26-sept-2023","status":"publish","type":"post","link":"https:\/\/atelier-photo.be\/site\/2023\/09\/26\/ressources-du-26-sept-2023\/","title":{"rendered":"RESSOURCES DU 26 sept. 2023"},"content":{"rendered":"\n<h4 class=\"wp-block-heading\">\ud83d\udcf7 Culture photographique : S&rsquo;inspirer&#8230;<\/h4>\n\n\n\n<p>Il est tr\u00e8s compliqu\u00e9 de savoir qui se cache derri\u00e8re cet <a rel=\"noreferrer noopener\" href=\"https:\/\/sites.google.com\/site\/grandsphotographesdu20eme\" data-type=\"URL\" data-id=\"https:\/\/sites.google.com\/site\/grandsphotographesdu20eme\" target=\"_blank\">index\/annuaire<\/a> qui r\u00e9pertorie plus de 350 photographes. Ce site a la vocation de devenir une v\u00e9ritable encyclop\u00e9die photographique.<br>En d\u00e9rivant d&rsquo;artistes \u00e0 artistes, nous avons parl\u00e9 de <a href=\"https:\/\/fr.wikipedia.org\/wiki\/Gilbert_%26_George\" data-type=\"URL\" data-id=\"https:\/\/fr.wikipedia.org\/wiki\/Gilbert_%26_George\" target=\"_blank\" rel=\"noreferrer noopener\">Gilbert et Georges<\/a>, de <a href=\"https:\/\/fr.wikipedia.org\/wiki\/Robert_Mapplethorpe\" data-type=\"URL\" data-id=\"https:\/\/fr.wikipedia.org\/wiki\/Robert_Mapplethorpe\" target=\"_blank\" rel=\"noreferrer noopener\">Robert Mapplethorpe<\/a>, <a href=\"https:\/\/www.davidlachapelle.com\/photographs-portraits\" data-type=\"URL\" data-id=\"https:\/\/www.davidlachapelle.com\/photographs-portraits\" target=\"_blank\" rel=\"noreferrer noopener\">David Lachapelle<\/a> et de <a href=\"https:\/\/www.erwinolaf.com\/art\" data-type=\"URL\" data-id=\"https:\/\/www.erwinolaf.com\/art\" target=\"_blank\" rel=\"noreferrer noopener\">Erwin Olaf<\/a>.<\/p>\n\n\n\n<figure class=\"wp-block-gallery has-nested-images columns-default is-cropped wp-block-gallery-1 is-layout-flex wp-block-gallery-is-layout-flex\">\n<figure class=\"wp-block-image size-large\"><img loading=\"lazy\" decoding=\"async\" width=\"676\" height=\"900\" data-id=\"1415\" src=\"https:\/\/atelier-photo.be\/site\/wp-content\/uploads\/2023\/09\/Erwin_olaf.jpg\" alt=\"\" class=\"wp-image-1415\" srcset=\"https:\/\/atelier-photo.be\/site\/wp-content\/uploads\/2023\/09\/Erwin_olaf.jpg 676w, https:\/\/atelier-photo.be\/site\/wp-content\/uploads\/2023\/09\/Erwin_olaf-225x300.jpg 225w\" sizes=\"(max-width: 676px) 100vw, 676px\" \/><figcaption>Erwin Olaf<\/figcaption><\/figure>\n\n\n\n<figure class=\"wp-block-image size-large\"><img loading=\"lazy\" decoding=\"async\" width=\"681\" height=\"1024\" data-id=\"1416\" src=\"https:\/\/atelier-photo.be\/site\/wp-content\/uploads\/2023\/09\/GilbertGeorge-681x1024.jpg\" alt=\"\" class=\"wp-image-1416\" srcset=\"https:\/\/atelier-photo.be\/site\/wp-content\/uploads\/2023\/09\/GilbertGeorge-681x1024.jpg 681w, https:\/\/atelier-photo.be\/site\/wp-content\/uploads\/2023\/09\/GilbertGeorge-200x300.jpg 200w, https:\/\/atelier-photo.be\/site\/wp-content\/uploads\/2023\/09\/GilbertGeorge-768x1155.jpg 768w, https:\/\/atelier-photo.be\/site\/wp-content\/uploads\/2023\/09\/GilbertGeorge.jpg 800w\" sizes=\"(max-width: 681px) 100vw, 681px\" \/><figcaption>Gilbert &amp; Georges<\/figcaption><\/figure>\n\n\n\n<figure class=\"wp-block-image size-large\"><img loading=\"lazy\" decoding=\"async\" width=\"650\" height=\"654\" data-id=\"1414\" src=\"https:\/\/atelier-photo.be\/site\/wp-content\/uploads\/2023\/09\/gpd20e_iguane.jpg\" alt=\"\" class=\"wp-image-1414\" srcset=\"https:\/\/atelier-photo.be\/site\/wp-content\/uploads\/2023\/09\/gpd20e_iguane.jpg 650w, https:\/\/atelier-photo.be\/site\/wp-content\/uploads\/2023\/09\/gpd20e_iguane-298x300.jpg 298w, https:\/\/atelier-photo.be\/site\/wp-content\/uploads\/2023\/09\/gpd20e_iguane-150x150.jpg 150w\" sizes=\"(max-width: 650px) 100vw, 650px\" \/><figcaption>Robert Mapplethorpe \/ Iggy Pop<\/figcaption><\/figure>\n<\/figure>\n\n\n\n<hr class=\"wp-block-separator\"\/>\n\n\n\n<h4 class=\"wp-block-heading\">\ud83d\udcf7 Culture photographique : Quelques vid\u00e9os&#8230;<\/h4>\n\n\n\n<figure class=\"wp-block-embed is-type-video is-provider-youtube wp-block-embed-youtube wp-embed-aspect-16-9 wp-has-aspect-ratio\"><div class=\"wp-block-embed__wrapper\">\n<iframe loading=\"lazy\" title=\"Phase One Presents: Making of Land Scape Part 1\" width=\"500\" height=\"281\" src=\"https:\/\/www.youtube.com\/embed\/2l-8vrN-eNA?start=286&#038;feature=oembed\" frameborder=\"0\" allow=\"accelerometer; autoplay; clipboard-write; encrypted-media; gyroscope; picture-in-picture; web-share\" allowfullscreen><\/iframe>\n<\/div><figcaption>David Lachapelle d\u00e9voile les secrets de son travail intitul\u00e9 \u00ab\u00a0Land Scape\u00a0\u00bb<\/figcaption><\/figure>\n\n\n\n<figure class=\"wp-block-embed is-type-video is-provider-youtube wp-block-embed-youtube wp-embed-aspect-16-9 wp-has-aspect-ratio\"><div class=\"wp-block-embed__wrapper\">\n<iframe loading=\"lazy\" title=\"Pierre et Gilles : exposition La Fabrique des idoles | Interview\" width=\"500\" height=\"281\" src=\"https:\/\/www.youtube.com\/embed\/vwYlKAlJro0?feature=oembed\" frameborder=\"0\" allow=\"accelerometer; autoplay; clipboard-write; encrypted-media; gyroscope; picture-in-picture; web-share\" allowfullscreen><\/iframe>\n<\/div><figcaption>Mais qui sont Pierre et Gilles?<\/figcaption><\/figure>\n\n\n\n<hr class=\"wp-block-separator\"\/>\n\n\n\n<h4 class=\"wp-block-heading\">\ud83d\udcf7 Bouquin : Pourquoi cette photo est un chef-d&rsquo;oeuvre ? (Val Williams \/ 2013 &#8211; Eyrolles)<\/h4>\n\n\n\n<figure class=\"wp-block-image size-full\"><img loading=\"lazy\" decoding=\"async\" width=\"290\" height=\"215\" src=\"https:\/\/atelier-photo.be\/site\/wp-content\/uploads\/2023\/09\/Pecucdo.jpg\" alt=\"\" class=\"wp-image-1419\" srcset=\"https:\/\/atelier-photo.be\/site\/wp-content\/uploads\/2023\/09\/Pecucdo.jpg 290w, https:\/\/atelier-photo.be\/site\/wp-content\/uploads\/2023\/09\/Pecucdo-80x60.jpg 80w\" sizes=\"(max-width: 290px) 100vw, 290px\" \/><\/figure>\n\n\n\n<p>C&rsquo;est ce qu&rsquo;explique cet ouvrage, en proposant une analyse in\u00e9dite de 80 clich\u00e9s qui ont fait date dans l&rsquo;histoire de la photographie. Concise, pr\u00e9cise et vivante, chacune des notices resitue l&rsquo;oeuvre dans son contexte, d\u00e9voilant ainsi ce qui l&rsquo;a rendue exceptionnelle. S&rsquo;agit-il du th\u00e8me, de la composition, de la technique ? Ou bien plut\u00f4t de la fid\u00e9lit\u00e9 au sujet ?<br>D&rsquo;Ernst Haas \u00e0 Martin Parr, en passant par Man Ray, Robert Capa, Nan Goldin ou encore Rineke Dijkstra, ce livre con\u00e7u par un sp\u00e9cialiste nous invite dans les coulisses de la cr\u00e9ation, du portrait au paysage, du photojournalisme au documentaire social.<\/p>\n\n\n\n<hr class=\"wp-block-separator\"\/>\n\n\n\n<h4 class=\"wp-block-heading\">\ud83d\udcf7 Simulateur<\/h4>\n\n\n\n<p>J&rsquo;ai test\u00e9 pour vous CAMERASIM!<br>Ce site propose deux outils plut\u00f4t didactiques, pour bien comprendre les incidences qui font de la capture de la lumi\u00e8re une magie photographique.<br>Le premier tr\u00e8s visuel qui affiche des r\u00e9sultats photographiques sur base des composantes lumi\u00e8re \/ distance \/ focale coupl\u00e9es aux valeurs sensibilit\u00e9 \/ ouverture \/ vitesse d&rsquo;obturation. Le tout utilisable dans le mode de votre choix. (P\/AV\/TV\/M)<br>C&rsquo;est l&rsquo; <a rel=\"noreferrer noopener\" href=\"https:\/\/camerasim.com\/original-camerasim\/\" data-type=\"URL\" data-id=\"https:\/\/camerasim.com\/original-camerasim\/\" target=\"_blank\">ORIGINAL CAMERASIM<\/a><br>Le second, un bidule en 3d qui montre pourquoi en modifiant les valeurs iso, vitesse, ouverture, les r\u00e9sultats modifie notre \u00e9chelle d&rsquo;exposition. C&rsquo;est le <a href=\"https:\/\/camerasim.com\/exposure-contraption\/\" data-type=\"URL\" data-id=\"https:\/\/camerasim.com\/exposure-contraption\/\" target=\"_blank\" rel=\"noreferrer noopener\">EXPOSURE CONTRAPTION<\/a>!<\/p>\n\n\n\n<hr class=\"wp-block-separator\"\/>\n\n\n\n<p>A mardi 17 octobre 2023!<\/p>\n","protected":false},"excerpt":{"rendered":"<div class=\"mh-excerpt\"><p>\ud83d\udcf7 Culture photographique : S&rsquo;inspirer&#8230; Il est tr\u00e8s compliqu\u00e9 de savoir qui se cache derri\u00e8re cet index\/annuaire qui r\u00e9pertorie plus de 350 photographes. Ce site <a class=\"mh-excerpt-more\" href=\"https:\/\/atelier-photo.be\/site\/2023\/09\/26\/ressources-du-26-sept-2023\/\" title=\"RESSOURCES DU 26 sept. 2023\">[&#8230;]<\/a><\/p>\n<\/div>","protected":false},"author":1,"featured_media":1425,"comment_status":"closed","ping_status":"open","sticky":false,"template":"","format":"standard","meta":{"cybocfi_hide_featured_image":"yes","footnotes":""},"categories":[1],"tags":[6],"_links":{"self":[{"href":"https:\/\/atelier-photo.be\/site\/wp-json\/wp\/v2\/posts\/1413"}],"collection":[{"href":"https:\/\/atelier-photo.be\/site\/wp-json\/wp\/v2\/posts"}],"about":[{"href":"https:\/\/atelier-photo.be\/site\/wp-json\/wp\/v2\/types\/post"}],"author":[{"embeddable":true,"href":"https:\/\/atelier-photo.be\/site\/wp-json\/wp\/v2\/users\/1"}],"replies":[{"embeddable":true,"href":"https:\/\/atelier-photo.be\/site\/wp-json\/wp\/v2\/comments?post=1413"}],"version-history":[{"count":7,"href":"https:\/\/atelier-photo.be\/site\/wp-json\/wp\/v2\/posts\/1413\/revisions"}],"predecessor-version":[{"id":1455,"href":"https:\/\/atelier-photo.be\/site\/wp-json\/wp\/v2\/posts\/1413\/revisions\/1455"}],"wp:featuredmedia":[{"embeddable":true,"href":"https:\/\/atelier-photo.be\/site\/wp-json\/wp\/v2\/media\/1425"}],"wp:attachment":[{"href":"https:\/\/atelier-photo.be\/site\/wp-json\/wp\/v2\/media?parent=1413"}],"wp:term":[{"taxonomy":"category","embeddable":true,"href":"https:\/\/atelier-photo.be\/site\/wp-json\/wp\/v2\/categories?post=1413"},{"taxonomy":"post_tag","embeddable":true,"href":"https:\/\/atelier-photo.be\/site\/wp-json\/wp\/v2\/tags?post=1413"}],"curies":[{"name":"wp","href":"https:\/\/api.w.org\/{rel}","templated":true}]}}