{"id":1347,"date":"2023-06-28T13:55:55","date_gmt":"2023-06-28T11:55:55","guid":{"rendered":"https:\/\/atelier-photo.be\/site\/?p=1347"},"modified":"2024-01-16T15:51:03","modified_gmt":"2024-01-16T14:51:03","slug":"ressources-du-27-juin-2023","status":"publish","type":"post","link":"https:\/\/atelier-photo.be\/site\/2023\/06\/28\/ressources-du-27-juin-2023\/","title":{"rendered":"RESSOURCES du 27 juin 2023"},"content":{"rendered":"\n<h4 class=\"wp-block-heading\">\ud83d\udcf7 Est-ce int\u00e9ressant de louer son mat\u00e9riel photo?<\/h4>\n\n\n\n<p>\uff02<em>Je pars en vacances en m\u00eame temps que mon fils&#8230;Et il n&rsquo;y a qu&rsquo;un appareil disponible, que faire?<\/em>\uff02Dans un monde o\u00f9 nous sommes tous \u00e9co-responsables, louer du mat\u00e9riel est une prise de position relative aux questions environnementales. Oui, mais&#8230;<br>Quel est la r\u00e9alit\u00e9 du terrain concernant les \u00e9tablissements qui propose ce type d&rsquo;offre? Une r\u00e9alit\u00e9 tr\u00e8s limit\u00e9e. En questionnant l&rsquo;internet belge, quelques enseignes louent ce type de mat\u00e9riel. On les compte sur les doigts d&rsquo;une main. Et les prix ne sont pas toujours \u00e9co-convaincant (Louer une grue pour terrasser la devanture de sa maison revient moins cher que d&#8217;emprunter un appareil photo). <br>Les prix oscillent entre 12\u20ac (boitier bas de gamme) et 100\u20ac (boitier haut de gamme) <strong>sans objectif<\/strong> par jour. Pour deux semaines de location, un Canon Eos 250D (18\u20ac\/j) et un objectif 18-150mm (10\u20ac\/j) revient \u00e0 420 euros (En comptant 15 jours complets, le temps de se remettre du voyage). A titre de comparaison, un canon Eos 2000D \u00e9quip\u00e9 et neuf co\u00fbte aux alentours de 400 euros.<br><br>Autre \u00e9l\u00e9ment \u00e0 prendre en consid\u00e9ration, c&rsquo;est la fiabilit\u00e9 du mat\u00e9riel lou\u00e9. Est-ce raisonnable de louer un appareil qui n&rsquo;est pas professionnel&#8230;Entendez que le mat\u00e9riel familial n&rsquo;est pas aussi robuste que le pro (Le vert ne vaut pas le bleu, si vous voyez l&rsquo;allusion! \ud83d\ude0b).<br>Et si j&rsquo;ai un probl\u00e8me? En relisant les conditions g\u00e9n\u00e9rales, la facturation s&rsquo;\u00e9l\u00e8ve \u00e0 la location + la caution. Ce qui donne un addition de 620 euros en cas de casse ou de perte pour l&rsquo;exemple donn\u00e9 ci-dessus.<\/p>\n\n\n\n<blockquote class=\"wp-block-quote\"><p>Louer du mat\u00e9riel photo est une activit\u00e9 surtout r\u00e9serv\u00e9e aux professionnels&#8230;<br>Ou aux amateurs qui veulent tester du mat\u00e9riel sp\u00e9cifique!<\/p><\/blockquote>\n\n\n\n<p>Des initiatives comme des groupes Facebook ou des sites sp\u00e9cialis\u00e9s genre empruntez-mon-matos-photo.com existent, mais leur action n&rsquo;est pas convaincante. Et on peut imaginer les r\u00e9percussions sociales qu&rsquo;il peut y ressortir en cas de probl\u00e8me.<br>Fran\u00e7oise avait \u00e9mis l&rsquo;id\u00e9e d&rsquo;un achat en occasion puis d&rsquo;une revente diminu\u00e9e du temps de l&rsquo;utilisation.<br>En tous cas, cette question ne manque pas d&rsquo;int\u00e9r\u00eat&#8230;<br>Pour se faire un id\u00e9e du prix de location : <a href=\"https:\/\/rental.kamera-express.be\/fr\" data-type=\"URL\" data-id=\"https:\/\/rental.kamera-express.be\/fr\" target=\"_blank\" rel=\"noreferrer noopener\">rental.kamera-express<\/a><\/p>\n\n\n\n<hr class=\"wp-block-separator\"\/>\n\n\n\n<h4 class=\"wp-block-heading\">\ud83d\udcf7 En vrac!<\/h4>\n\n\n\n<p><a rel=\"noreferrer noopener\" href=\"https:\/\/artsandculture.google.com\/story\/hgXRQ8lxew0A8A?hl=fr\" data-type=\"URL\" data-id=\"https:\/\/artsandculture.google.com\/story\/hgXRQ8lxew0A8A?hl=fr\" target=\"_blank\">Norbert Ghisoland<\/a> \u00e9tait un photographe du Borinage (1878-1939).Il dirigeait, pour un portrait en pied ou pour une photographie d\u2019identit\u00e9, les poses de ses mod\u00e8les devant un d\u00e9cor en trompe-l\u2019\u0153il, avec gr\u00e2ce infinie, douceur et \u00e9motion. <a rel=\"noreferrer noopener\" href=\"https:\/\/fr.wikipedia.org\/wiki\/Ansel_Adams\" data-type=\"URL\" data-id=\"https:\/\/fr.wikipedia.org\/wiki\/Ansel_Adams\" target=\"_blank\">Ansel Adams<\/a>, nous rappelle que le flou dans la photographie de paysage&#8230;Il aimait pas! Raconter des histoires? <a rel=\"noreferrer noopener\" href=\"https:\/\/www.martinparr.com\/recent-work-2\/\" data-type=\"URL\" data-id=\"https:\/\/www.martinparr.com\/recent-work-2\/\" target=\"_blank\">C&rsquo;est Martin Parr<\/a> !<br><a href=\"https:\/\/tineye.com\/\" data-type=\"URL\" data-id=\"https:\/\/tineye.com\/\" target=\"_blank\" rel=\"noreferrer noopener\">TinEye<\/a>: un moteur de recherche qui retrouve vos images.<\/p>\n\n\n\n<figure class=\"wp-block-gallery has-nested-images columns-default is-cropped wp-block-gallery-1 is-layout-flex wp-block-gallery-is-layout-flex\">\n<figure class=\"wp-block-image size-large\"><img loading=\"lazy\" decoding=\"async\" width=\"356\" height=\"539\" data-id=\"1370\" src=\"https:\/\/atelier-photo.be\/site\/wp-content\/uploads\/2023\/06\/AnselAdams_27juin2023.jpg\" alt=\"\" class=\"wp-image-1370\" srcset=\"https:\/\/atelier-photo.be\/site\/wp-content\/uploads\/2023\/06\/AnselAdams_27juin2023.jpg 356w, https:\/\/atelier-photo.be\/site\/wp-content\/uploads\/2023\/06\/AnselAdams_27juin2023-198x300.jpg 198w\" sizes=\"(max-width: 356px) 100vw, 356px\" \/><figcaption>Ansel Adams<\/figcaption><\/figure>\n\n\n\n<figure class=\"wp-block-image size-large\"><img loading=\"lazy\" decoding=\"async\" width=\"356\" height=\"539\" data-id=\"1369\" src=\"https:\/\/atelier-photo.be\/site\/wp-content\/uploads\/2023\/06\/NorbertGhisoland_27juin2023.jpg\" alt=\"\" class=\"wp-image-1369\" srcset=\"https:\/\/atelier-photo.be\/site\/wp-content\/uploads\/2023\/06\/NorbertGhisoland_27juin2023.jpg 356w, https:\/\/atelier-photo.be\/site\/wp-content\/uploads\/2023\/06\/NorbertGhisoland_27juin2023-198x300.jpg 198w\" sizes=\"(max-width: 356px) 100vw, 356px\" \/><figcaption>Norbert Ghisoland<\/figcaption><\/figure>\n\n\n\n<figure class=\"wp-block-image size-large\"><img loading=\"lazy\" decoding=\"async\" width=\"356\" height=\"539\" data-id=\"1371\" src=\"https:\/\/atelier-photo.be\/site\/wp-content\/uploads\/2023\/06\/MartinParr_27juin2023.jpg\" alt=\"\" class=\"wp-image-1371\" srcset=\"https:\/\/atelier-photo.be\/site\/wp-content\/uploads\/2023\/06\/MartinParr_27juin2023.jpg 356w, https:\/\/atelier-photo.be\/site\/wp-content\/uploads\/2023\/06\/MartinParr_27juin2023-198x300.jpg 198w\" sizes=\"(max-width: 356px) 100vw, 356px\" \/><figcaption>Martin Parr<\/figcaption><\/figure>\n<\/figure>\n\n\n\n<hr class=\"wp-block-separator\"\/>\n\n\n\n<h4 class=\"wp-block-heading\">\ud83d\udcf7 Beaux livres<\/h4>\n\n\n\n<p><a href=\"https:\/\/lintervalle.blog\/2017\/06\/30\/jack-london-ecrivain-photographe\/\" data-type=\"URL\" data-id=\"https:\/\/lintervalle.blog\/2017\/06\/30\/jack-london-ecrivain-photographe\/\" target=\"_blank\" rel=\"noreferrer noopener\">Jack London, photographe<\/a> (Editions <a href=\"https:\/\/www.babelio.com\/livres\/London-Jack-London-Photographe\/303889\" data-type=\"URL\" data-id=\"https:\/\/www.babelio.com\/livres\/London-Jack-London-Photographe\/303889\" target=\"_blank\" rel=\"noreferrer noopener\">Ph\u00e9bus<\/a>). <\/p>\n\n\n\n<hr class=\"wp-block-separator\"\/>\n\n\n\n<h4 class=\"wp-block-heading\">\ud83d\udcf7 Raconter une histoire en plusieurs photographies.<\/h4>\n\n\n\n<p>Un triptyque (du grec \u03c4\u03c1\u03af\u03c0\u03c4\u03c5\u03c7\u03bf\u03c2, \u00ab triple, pli\u00e9 en trois \u00bb) est \u2014 dans le domaine des beaux-arts \u2014 une \u0153uvre peinte ou sculpt\u00e9e en trois panneaux, dont les deux volets ext\u00e9rieurs peuvent se refermer sur celui du milieu. Ce format se d\u00e9veloppe essentiellement aux xiie et xiiie si\u00e8cles, dans le cadre des retables et de la peinture religieuse en Europe (Source Wiki, page 1.538.249 selon St.Internet).<br>Dans le cadre (c&rsquo;est le cas de le dire!) des analyses des photos de Karin sur la th\u00e9matique de la danse et de la musique, nous avons imagin\u00e9 l&rsquo;agencement et l&rsquo;assemblage de trois images pour en faire ressortir leur impact et leur concordance visuelle.<br><\/p>\n\n\n\n<figure class=\"wp-block-image size-large\"><a href=\"https:\/\/atelier-photo.be\/site\/wp-content\/uploads\/2023\/06\/faites-la-fetes-des-fous-2023.jpg\" target=\"_blank\" rel=\"noopener\"><img loading=\"lazy\" decoding=\"async\" width=\"1024\" height=\"255\" src=\"https:\/\/atelier-photo.be\/site\/wp-content\/uploads\/2023\/06\/faites-la-fetes-des-fous-2023-1024x255.jpg\" alt=\"\" class=\"wp-image-1373\" srcset=\"https:\/\/atelier-photo.be\/site\/wp-content\/uploads\/2023\/06\/faites-la-fetes-des-fous-2023-1024x255.jpg 1024w, https:\/\/atelier-photo.be\/site\/wp-content\/uploads\/2023\/06\/faites-la-fetes-des-fous-2023-300x75.jpg 300w, https:\/\/atelier-photo.be\/site\/wp-content\/uploads\/2023\/06\/faites-la-fetes-des-fous-2023-768x192.jpg 768w, https:\/\/atelier-photo.be\/site\/wp-content\/uploads\/2023\/06\/faites-la-fetes-des-fous-2023-1536x383.jpg 1536w, https:\/\/atelier-photo.be\/site\/wp-content\/uploads\/2023\/06\/faites-la-fetes-des-fous-2023.jpg 1920w\" sizes=\"(max-width: 1024px) 100vw, 1024px\" \/><\/a><figcaption>Faites la f\u00eate des fous (Merci Karin pour tes images)!<\/figcaption><\/figure>\n\n\n\n<hr class=\"wp-block-separator\"\/>\n\n\n\n<h4 class=\"wp-block-heading\">\ud83d\udcf7 Notre projet photo.<\/h4>\n\n\n\n<p>Dans le cadre de nos ateliers <em>\u00ab&nbsp;Photo M\u00e9dia 23&nbsp;\u00bb<\/em>, nous r\u00e9aliserons un outil de photo langage dont la th\u00e9matique est intitul\u00e9e <em>\u00ab&nbsp;Le.s monde.s int\u00e9rieur.s \/ Mon monde int\u00e9rieur&nbsp;\u00bb<\/em>. <\/p>\n\n\n\n<hr class=\"wp-block-separator\"\/>\n\n\n\n<p>Je vous souhaite un bel \u00e9t\u00e9!<br>Emmanuel.<br>PS : <strong>R\u00e9fl\u00e9chissez \u00e0 une sortie <\/strong>pour ce mois de juillet ou aout! <\/p>\n","protected":false},"excerpt":{"rendered":"<div class=\"mh-excerpt\"><p>\ud83d\udcf7 Est-ce int\u00e9ressant de louer son mat\u00e9riel photo? \uff02Je pars en vacances en m\u00eame temps que mon fils&#8230;Et il n&rsquo;y a qu&rsquo;un appareil disponible, que <a class=\"mh-excerpt-more\" href=\"https:\/\/atelier-photo.be\/site\/2023\/06\/28\/ressources-du-27-juin-2023\/\" title=\"RESSOURCES du 27 juin 2023\">[&#8230;]<\/a><\/p>\n<\/div>","protected":false},"author":1,"featured_media":1385,"comment_status":"closed","ping_status":"closed","sticky":false,"template":"","format":"standard","meta":{"cybocfi_hide_featured_image":"yes","footnotes":""},"categories":[1],"tags":[6],"_links":{"self":[{"href":"https:\/\/atelier-photo.be\/site\/wp-json\/wp\/v2\/posts\/1347"}],"collection":[{"href":"https:\/\/atelier-photo.be\/site\/wp-json\/wp\/v2\/posts"}],"about":[{"href":"https:\/\/atelier-photo.be\/site\/wp-json\/wp\/v2\/types\/post"}],"author":[{"embeddable":true,"href":"https:\/\/atelier-photo.be\/site\/wp-json\/wp\/v2\/users\/1"}],"replies":[{"embeddable":true,"href":"https:\/\/atelier-photo.be\/site\/wp-json\/wp\/v2\/comments?post=1347"}],"version-history":[{"count":34,"href":"https:\/\/atelier-photo.be\/site\/wp-json\/wp\/v2\/posts\/1347\/revisions"}],"predecessor-version":[{"id":1387,"href":"https:\/\/atelier-photo.be\/site\/wp-json\/wp\/v2\/posts\/1347\/revisions\/1387"}],"wp:featuredmedia":[{"embeddable":true,"href":"https:\/\/atelier-photo.be\/site\/wp-json\/wp\/v2\/media\/1385"}],"wp:attachment":[{"href":"https:\/\/atelier-photo.be\/site\/wp-json\/wp\/v2\/media?parent=1347"}],"wp:term":[{"taxonomy":"category","embeddable":true,"href":"https:\/\/atelier-photo.be\/site\/wp-json\/wp\/v2\/categories?post=1347"},{"taxonomy":"post_tag","embeddable":true,"href":"https:\/\/atelier-photo.be\/site\/wp-json\/wp\/v2\/tags?post=1347"}],"curies":[{"name":"wp","href":"https:\/\/api.w.org\/{rel}","templated":true}]}}